{"provider_url": "https://www.campolargo.pr.leg.br", "title": "RESOLU\u00c7\u00d5ES 1989", "html": "<h1 class=\"documentFirstHeading\">\u00a0\u00a0\u00a0\u00a0\u00a0\u00a0\u00a0\u00a0\u00a0\u00a0\u00a0\u00a0\u00a0\u00a0\u00a0\u00a0\u00a0 RESOLU\u00c7\u00d5ES 1989</h1><br /><br /><a href=\"https://www.campolargo.pr.leg.br/processo-legislativo/copy17_of_documentos-pdf-2009/Resolucao%20no%2001%2089.pdf\" title=\"Res 01.89\"><b style=\"text-align: start;\"><i><b>Resolu\u00e7\u00e3o n\u00ba 001/89 - </b></i></b></a><a href=\"https://www.campolargo.pr.leg.br/processo-legislativo/copy17_of_documentos-pdf-2009/Resolucao%20no%2001%2089.pdf\" title=\"Res 01.89\">Disp\u00f5e sobre a constitui\u00e7\u00e3o de Comiss\u00e3o Especial. </a><br /><br /><a href=\"https://www.campolargo.pr.leg.br/processo-legislativo/copy17_of_documentos-pdf-2009/Projeto%20de%20Resolucao%20no%2002.89%20arquivado.pdf\" title=\"P Res 02.89 arquivado\"><b style=\"text-align: start;\"><i><b>Resolu\u00e7\u00e3o n\u00ba 002/89 - </b></i></b>Cria a Tribuna Popular na C\u00e2mara Municipal de Campo Largo, procedendo-se as altera\u00e7\u00f5es no Regimento Interno. ( ARQUIVADO)<b style=\"text-align: start;\"><i><b><br /></b></i></b></a><b style=\"text-align: start;\"><i><b><br /></b></i></b><a href=\"https://www.campolargo.pr.leg.br/processo-legislativo/copy17_of_documentos-pdf-2009/Resolucao%20no%2003%2089.pdf\" title=\"Res 03.89\"><b style=\"text-align: start;\"><i><b>Resolu\u00e7\u00e3o n\u00ba 003/89 - </b></i></b></a><a href=\"https://www.campolargo.pr.leg.br/processo-legislativo/copy17_of_documentos-pdf-2009/Resolucao%20no%2003%2089.pdf\" title=\"Res 03.89\">Instala a Assembleia Constituinte Municipal e estabelece normas para os trabalhos preliminares.</a><br /><b style=\"text-align: start;\"><i><b><br /></b></i></b><a href=\"https://www.campolargo.pr.leg.br/processo-legislativo/copy17_of_documentos-pdf-2009/Resolucao%20no%2004%2089.pdf\" title=\"Res 04.89\"><b style=\"text-align: start;\"><i><b>Resolu\u00e7\u00e3o n\u00ba 004/89 - </b></i></b>Cria Comiss\u00e3o.</a><br />", "author_name": "edimar", "version": "1.0", "author_url": "https://www.campolargo.pr.leg.br/author/edimar", "provider_name": "   ", "type": "rich"}