{"provider_url": "https://www.campolargo.pr.leg.br", "title": "Sess\u00e3o Plen\u00e1ria 21/08", "html": "<p dir=\"ltr\"><span>Esteve em debate na Sess\u00e3o Ordin\u00e1ria realizada na tarde desta segunda-feira (21), propostas na \u00e1rea da educa\u00e7\u00e3o, sa\u00fade, transporte coletivo e demais Projetos e requerimentos para o Munic\u00edpio de Campo Largo.</span></p>\r\n<p>Entre os projetos apresentados pelo Poder Executivo de autoria do Prefeito Maur\u00edcio Rivabem est\u00e1 a iniciativa Leitura M\u00e1gica, no qual instiga crian\u00e7as e adolescentes a leitura de ao menos tr\u00eas livros no ano em escolas p\u00fablicas, CMEIS e escolas especiais do nosso munic\u00edpio.\u00a0</p>\r\n<p>Em destaque para os projetos apresentados pelo Legislativo, o Vereador Germaninho coloca em vota\u00e7\u00e3o o Programa Adote a Sa\u00fade no Munic\u00edpio de Campo Largo. Como projeto do Vereador Luiz Scervenski cuja s\u00famula institui o uso do Cord\u00e3o de Girassol para identifica\u00e7\u00e3o de pessoas com defici\u00eancia oculta. Projeto do Vereador Jo\u00e3o D \u0301\u00c1gua cuja s\u00famula institui a carteira de identifica\u00e7\u00e3o funcional dos agentes de prote\u00e7\u00e3o e defesa civil do Munic\u00edpio.\u00a0</p>\r\n<p>O projeto de autoria da Vereadora Cl\u00e9a Oliveira cuja s\u00famula declara de utilidade p\u00fablica o grupo escoteiro farol do passa\u00fana. Como projeto do Vereador Jo\u00e3o Freita, cuja s\u00famula disciplina as nomea\u00e7\u00f5es para cargos em comiss\u00e3o e fun\u00e7\u00f5es gratificadas que caracterizam nepotismo. O projeto do Vereador sargento Leandro Chrestani, cuja s\u00famula cria o programa de coopera\u00e7\u00e3o intermunicipal da defesa civil.</p>\r\n<p>Entre os requerimentos em pauta nesta sess\u00e3o, o Vereador Alexandre Guimar\u00e3es apresenta viabilizar a limpeza em volta ao posto de sa\u00fade de Itamb\u00e9zinho. O Vereador Andr\u00e9 Gabardo solicita o reperfilamento asf\u00e1ltico na rua Jos\u00e9 Torres em frente ao Jardim S\u00e3o Vicente em nosso Munic\u00edpio. O Vereador Gen\u00e9sio da Vital solicitou a constru\u00e7\u00e3o de um centro de lazer no bairro Cristo Rei.\u00a0</p>\r\n<p>O Vereador M\u00e1rcio Beraldo aponta o requerimento de opera\u00e7\u00e3o tapa buraco na rua XV de Novembro, e o Vereador Pedrinho Barausse coloca como requerimento que seja instalado um parquinho ao lado da academia ao ar livre localizado entre a rua Ernesto Pedro Crozeta e a Rua Jardim Keli Cristina deste mesmo munic\u00edpio.\u00a0</p>\r\n<p>Estiveram presentes nesta sess\u00e3o, Jo\u00e3o Carlos Ferreira, Presidente da C\u00e2mara Municipal de Campo Largo, juntamente com os Parlamentares da Casa, Cl\u00e9a Oliveira, Gen\u00e9sio da Vital, Germaninho, Luiz Scervenski, Jo\u00e3o Freita, Andr\u00e9 Gabardo, Pedrinho Barausse, sargento Leandro Chrestani, Alexandre Guimar\u00e3es e M\u00e1rcio Beraldo.</p>\r\n<p>\u00a0</p>\r\n<p><span><em><strong>Informa\u00e7\u00f5es gerais:\u00a0</strong></em></span></p>\r\n<p>A popula\u00e7\u00e3o pode conferir as discuss\u00f5es e Projetos de Leis debatidos na sess\u00e3o atrav\u00e9s do link:</p>\r\n<p dir=\"ltr\"><strong><a href=\"https://sapl.campolargo.pr.leg.br/sessao/pauta-sessao/658/\">https://sapl.campolargo.pr.leg.br/sessao/pauta-sessao/658/</a></strong></p>\r\n<p>Para acompanhar a sess\u00e3o gravada, clique no link abaixo:</p>\r\n<p dir=\"ltr\"><strong><a href=\"https://fb.watch/mzthToZXiM/?mibextid=cr9u03\">https://fb.watch/mzthToZXiM/?mibextid=cr9u03</a></strong></p>", "author_name": "Julia Beatriz | Revis\u00e3o: Caio Taner", "version": "1.0", "author_url": "https://www.campolargo.pr.leg.br/author/Julia Beatriz | Revis\u00e3o: Caio Taner", "provider_name": "   ", "type": "rich"}