{"provider_url": "https://www.campolargo.pr.leg.br", "title": "Sess\u00e3o Plen\u00e1ria 18/09", "html": "<p dir=\"ltr\"><span>Na sess\u00e3o ordin\u00e1ria desta segunda-feira (18) os Vereadores de Campo Largo analisaram ao todo 3 Projetos de Decreto do Legislativo, 6 Projetos de Lei de autoria do Executivo, 1 Projeto de resolu\u00e7\u00e3o de autoria da Mesa Executiva, 1 Projeto de Lei do Legislativo e em vota\u00e7\u00e3o \u00fanica os vereadores analisaram 35 requerimentos de informa\u00e7\u00e3o destinados ao Executivo.\u00a0</span></p>\r\n<p>O Projeto de Lei n\u00ba 63 do Executivo disp\u00f5e sobre a transposi\u00e7\u00e3o, transfer\u00eancia e remanejamento de cr\u00e9ditos or\u00e7ament\u00e1rios no \u00e2mbito do poder executivo no vigente or\u00e7amento e d\u00e1 outras provid\u00eancias.\u00a0</p>\r\n<p>O Projeto de Lei n\u00ba 54 do Legislativo de autoria do Vereador Germaninho institui o estatuto da desburocratiza\u00e7\u00e3o no munic\u00edpio de Campo Largo e d\u00e1 outras provid\u00eancias.\u00a0</p>\r\n<p>Foi apresentado no plen\u00e1rio o Projeto n\u00ba 59 do Legislativo de autoria do Vereador Alexandre Guimar\u00e3es o qual institui-se e inclui-se no calend\u00e1rio oficial de eventos do munic\u00edpio de Campo Largo o m\u00eas de julho como o per\u00edodo oficial da feira do agricultor.\u00a0</p>\r\n<p>Tamb\u00e9m foi apresentado no plen\u00e1rio o Projeto de Lei n\u00ba 61 do Legislativo de autoria da Vereadora Cl\u00e9a Oliveira, o qual disp\u00f5e sobre a humaniza\u00e7\u00e3o do atendimento na \u00e1rea da sa\u00fade p\u00fablica no munic\u00edpio de Campo Largo.\u00a0</p>\r\n<p>O Projeto de lei do Legislativo n\u00ba 62 de autoria do Vereador Jo\u00e3o Freita da denomina\u00e7\u00e3o a Rua Constante Bernaski, localizada na Col\u00f4nia Figueiredo, neste munic\u00edpio de Campo Largo.\u00a0</p>\r\n<p>O requerimento n\u00ba 1172 do Vereador Andr\u00e9 Gabardo disp\u00f5e que seja realizada campanha de incentivo de doa\u00e7\u00e3o das notas fiscais em estabelecimentos comerciais, referente aos cr\u00e9ditos do programa Nota Paran\u00e1, para entidades sem fins lucrativos do munic\u00edpio.</p>\r\n<p>O requerimento n\u00ba 1142 do Vereador Gen\u00e9sio da Vital disp\u00f5e a obra de manilhamento em um pequeno trecho ao lado direito, da estrada da col\u00f4nia Mariana em frente \u00e0 igreja.</p>\r\n<p>Requerimento n\u00ba1146 do Vereador Jo\u00e3o Carlos Ferreira disp\u00f5e que seja viabilizado, estudado e implantado uma cancha de areia no bairro Santa \u00c2ngela.</p>\r\n<p>Requerimento n\u00ba1178 do Vereador Luiz Scervenski disp\u00f5e sobre a pintura da sinaliza\u00e7\u00e3o vi\u00e1ria da Rua Cabral em toda sua extens\u00e3o, no bairro S\u00e3o Vicente, deste munic\u00edpio.</p>\r\n<p>Requerimento n\u00ba1165 do Vereador M\u00e1rcio Beraldo\u00a0 disp\u00f5e sobre a urg\u00eancia da doa\u00e7\u00e3o de um terreno para Associa\u00e7\u00e3o Protetora dos Animais de Campo Largo para que possa acolher os animais feridos e abandonados.</p>\r\n<p>Requerimento n\u00ba1147 do Vereador Pedrinho Barausse disp\u00f5e que seja instalado um redutor de velocidade em frente ao com\u00e9rcio Shalom\u00a0 armarinhos, Rua Jos\u00e9 Perussulo Jardim Tr\u00eas Rios CEP 83603 -130 deste mesmo munic\u00edpio.</p>\r\n<p dir=\"ltr\"><span>Requerimento n\u00ba 1187 do Vereador Sargento Leandro Chrestani solicita o reparo do asfalto que foi retirado, permanecendo um buraco enorme entre o asfalto e o meio fio, na Rua Ernesto Pedro Crozeta, entre o numeral 488 ao 493, bairro Ferrari, Campo Largo, estado do Paran\u00e1.</span></p>\r\n<p dir=\"ltr\"><span>Estiveram presentes na sess\u00e3o desta segunda-feira (18), Jo\u00e3o Carlos Ferreira, Presidente da C\u00e2mara Municipal de Campo Largo, juntamente com os Parlamentares da Casa, Cl\u00e9a Oliveira, Gen\u00e9sio da Vital, Germaninho, Luiz Scervenski, Jo\u00e3o Freita, Andr\u00e9 Gabardo, Pedrinho Barausse, sargento Leandro Chrestani, Alexandre Guimar\u00e3es e M\u00e1rcio Beraldo.</span></p>\r\n<p dir=\"ltr\"><span><br /></span></p>\r\n<p dir=\"ltr\"><span>A popula\u00e7\u00e3o pode conferir as discuss\u00f5es e Projetos de Leis completos debatidos nesta sess\u00e3o atrav\u00e9s do link:</span></p>\r\n<p dir=\"ltr\"><strong><a href=\"https://sapl.campolargo.pr.leg.br/sessao/pauta-sessao/664/\">https://sapl.campolargo.pr.leg.br/sessao/pauta-sessao/664/</a></strong></p>\r\n<p dir=\"ltr\"><span>Para acompanhar a sess\u00e3o gravada atrav\u00e9s do Facebook, clique no link abaixo:</span></p>\r\n<p dir=\"ltr\"><strong><a href=\"https://fb.watch/n8juToL7-b/?mibextid=cr9u03\">https://fb.watch/n8juToL7-b/?mibextid=cr9u03</a></strong></p>\r\n<p dir=\"ltr\"><span>Nos acompanhe tamb\u00e9m pelo YouTube:\u00a0</span></p>\r\n<p dir=\"ltr\"><strong><a href=\"https://www.youtube.com/watch?v=DDhvU0d7rFA\">https://www.youtube.com/watch?v=DDhvU0d7rFA</a></strong></p>\r\n<p dir=\"ltr\"><strong><br /></strong></p>", "author_name": "Por J\u00falia Beatriz | Revis\u00e3o: Caio Taner", "version": "1.0", "author_url": "https://www.campolargo.pr.leg.br/author/Por J\u00falia Beatriz | Revis\u00e3o: Caio Taner", "provider_name": "   ", "type": "rich"}