{"provider_url": "https://www.campolargo.pr.leg.br", "title": "Sess\u00e3o Plen\u00e1ria 11/09", "html": "<p dir=\"ltr\"><span>Na sess\u00e3o ordin\u00e1ria desta segunda-feira (11) os vereadores de Campo Largo realizaram a segunda vota\u00e7\u00e3o do Projeto de Lei de autoria do executivo\u00a0 n\u00ba 53 de 2023 a qual </span><span>disp\u00f5e sobre a\u00e7\u00f5es priorit\u00e1rias da administra\u00e7\u00e3o p\u00fablica municipal, metas e riscos fiscais, diretrizes gerais para elabora\u00e7\u00e3o da proposta or\u00e7ament\u00e1ria, normas de execu\u00e7\u00e3o financeira a serem executadas pelo munic\u00edpio de campo largo no exerc\u00edcio de 2024, e d\u00e1 outras provid\u00eancias. O Projeto que diz respeito \u00e0 defini\u00e7\u00e3o de metas e as a\u00e7\u00f5es do governo municipal, bem como direcionar o or\u00e7amento do munic\u00edpio no ano de 2024 e propor emendas de acordo com a necessidade e demanda da popula\u00e7\u00e3o,\u00a0 foi aprovado na C\u00e2mara Municipal de Campo Largo.\u00a0</span></p>\r\n<p dir=\"ltr\"><span>Estiveram presentes na sess\u00e3o desta segunda-feira, Jo\u00e3o Carlos Ferreira, Presidente da C\u00e2mara Municipal de Campo Largo, juntamente com os Parlamentares da Casa, Cl\u00e9a Oliveira, Gen\u00e9sio da Vital, Germaninho, Luiz Scervenski, Jo\u00e3o Freita, Andr\u00e9 Gabardo, Pedrinho Barausse, sargento Leandro Chrestani, Alexandre Guimar\u00e3es e M\u00e1rcio Beraldo.</span></p>\r\n<p dir=\"ltr\"><span>A popula\u00e7\u00e3o pode conferir as discuss\u00f5es e Projetos de Leis completos debatidos nesta sess\u00e3o atrav\u00e9s do link:</span></p>\r\n<p dir=\"ltr\"><strong><a href=\"https://sapl.campolargo.pr.leg.br/sessao/pauta-sessao/663/\">https://sapl.campolargo.pr.leg.br/sessao/pauta-sessao/663/</a></strong></p>\r\n<p dir=\"ltr\"><span>Para acompanhar a sess\u00e3o gravada atrav\u00e9s do Facebook, clique no link abaixo:</span></p>\r\n<p dir=\"ltr\"><strong><a href=\"https://fb.watch/m-5vHFRLgE/?mibextid=cr9u03\">https://fb.watch/m-5vHFRLgE/?mibextid=cr9u03</a></strong></p>\r\n<p dir=\"ltr\"><span>Nos acompanhe tamb\u00e9m pelo YouTube:\u00a0</span></p>\r\n<p dir=\"ltr\"><strong><a href=\"https://www.youtube.com/watch?v=N5aotf6WMYo\">https://www.youtube.com/watch?v=N5aotf6WMYo</a></strong></p>", "author_name": "Por Julia Beatriz | Revis\u00e3o: Caio Taner", "version": "1.0", "author_url": "https://www.campolargo.pr.leg.br/author/Por Julia Beatriz | Revis\u00e3o: Caio Taner", "provider_name": "   ", "type": "rich"}