{"provider_url": "https://www.campolargo.pr.leg.br", "title": "Sess\u00e3o Plen\u00e1ria 09/12", "html": "<p dir=\"ltr\" style=\"text-align: justify; \"><span>Na sess\u00e3o ordin\u00e1ria realizada na tarde desta segunda-feira (09), os vereadores analisaram e votaram 6 projetos de lei do legislativo em segunda vota\u00e7\u00e3o e 7 projetos apresentados em plen\u00e1rio e aprovados em regime de urg\u00eancia, sendo eles:</span></p>\r\n<p dir=\"ltr\" style=\"text-align: justify; \"><a href=\"https://sapl.campolargo.pr.leg.br/materia/22691\"><span>PROJETO DE LEI DO LEGISLATIVO n\u00ba 67 de 2024</span></a></p>\r\n<p dir=\"ltr\" style=\"text-align: justify; \"><span>FIXA OS SUBS\u00cdDIOS MENSAIS DO PREFEITO, VICE-PREFEITO E DOS SECRET\u00c1RIOS DO PODER EXECUTIVO MUNICIPAL DE CAMPO LARGO E D\u00c1 OUTRAS PROVID\u00caNCIAS.</span></p>\r\n<p dir=\"ltr\" style=\"text-align: justify; \"><span>\u00a0</span><a href=\"https://sapl.campolargo.pr.leg.br/materia/22690\"><span>PROJETO DE LEI DO EXECUTIVO n\u00ba 72 de 2024</span></a></p>\r\n<p dir=\"ltr\" style=\"text-align: justify; \"><span>DISP\u00d5E SOBRE A REESTRUTURA\u00c7\u00c3O ADMINISTRATIVA DO PODER EXECUTIVO MUNICIPAL DE CAMPO LARGO, CONFORME ESPECIFICA.</span></p>\r\n<p dir=\"ltr\" style=\"text-align: justify; \"><span>\u00a0</span><a href=\"https://sapl.campolargo.pr.leg.br/materia/22692\"><span>PROJETO DE LEI DO EXECUTIVO n\u00ba 73 de 2024</span></a></p>\r\n<p dir=\"ltr\" style=\"text-align: justify; \"><span>ALTERA DISPOSITIVOS DA LEI MUNICIPAL N\u00ba 2353, DE 22 DE DEZEMBRO DE 2011, QUE INSTITUIU O NOVO PLANO DE CARGOS E VENCIMENTOS DOS SERVIDORES P\u00daBLICOS DO MUNIC\u00cdPIO DE CAMPO LARGO, E D\u00c1 OUTRAS PROVID\u00caNCIAS.</span></p>\r\n<p dir=\"ltr\" style=\"text-align: justify; \"><span>\u00a0</span><a href=\"https://sapl.campolargo.pr.leg.br/materia/22693\"><span>PROJETO DE LEI DO EXECUTIVO n\u00ba 74 de 2024</span></a></p>\r\n<p dir=\"ltr\" style=\"text-align: justify; \"><span>CRIA CARGO E AMPLIA VAGA NA LEI MUNICIPAL N\u00ba 2871, DE 31 DE MAIO DE 2017, CONFORME ESPECIFICA.</span></p>\r\n<p dir=\"ltr\" style=\"text-align: justify; \"><span>\u00a0</span><a href=\"https://sapl.campolargo.pr.leg.br/materia/22694\"><span>PROJETO DE LEI DO EXECUTIVO n\u00ba 75 de 2024</span></a></p>\r\n<p dir=\"ltr\" style=\"text-align: justify; \"><span>ALTERA DISPOSI\u00c7\u00d5ES DA LEI MUNICIPAL N\u00ba2028, DE 02 DE ABRIL DE 2008, QUE DISP\u00d5E SOBRE O PLANO DE CARGOS, CARREIRA E REMUNERA\u00c7\u00d5ES DOS PROFISSIONAIS DO MAGIST\u00c9RIO DO MUNIC\u00cdPIO DE CAMPO LARGO, CONFORME ESPECIFICA.</span></p>\r\n<p dir=\"ltr\" style=\"text-align: justify; \"><a href=\"https://sapl.campolargo.pr.leg.br/materia/22695\"><span>PROJETO DE LEI DO EXECUTIVO n\u00ba 76 de 2024</span></a></p>\r\n<p dir=\"ltr\" style=\"text-align: justify; \"><span>DISP\u00d5E SOBRE A REESTRUTURA\u00c7\u00c3O ADMINISTRATIVA E FUNCIONAL DO INSTITUTO DE PREVID\u00caNCIA DOS SERVIDORES MUNICIPAIS DE CAMPO LARGO, AUTARQUIA RESPONS\u00c1VEL PELA GEST\u00c3O DO REGIME PR\u00d3PRIO DE PREVID\u00caNCIA SOCIAL DO MUNIC\u00cdPIO DE CAMPO LARGO.</span></p>\r\n<p dir=\"ltr\" style=\"text-align: justify; \"><a href=\"https://sapl.campolargo.pr.leg.br/materia/22696\"><span>PROJETO DE LEI DO EXECUTIVO n\u00ba 77 de 2024</span></a></p>\r\n<p dir=\"ltr\" style=\"text-align: justify; \"><span>DISP\u00d5E SOBRE A CONCESS\u00c3O E PAGAMENTO DE DI\u00c1RIAS AO PREFEITO, AO VICE-PREFEITO, AOS SECRET\u00c1RIOS MUNICIPAIS, CONTROLADOR GERAL E DEMAIS SERVIDORES DO PODER EXECUTIVO MUNICIPAL E D\u00c1 OUTRAS PROVID\u00caNCIAS.</span></p>\r\n<p dir=\"ltr\" style=\"text-align: justify; \"><span>Ao final, os Parlamentares aprovaram a vota\u00e7\u00e3o englobada dos 18 requerimentos apresentados em sess\u00e3o plen\u00e1ria.\u00a0</span></p>\r\n<p dir=\"ltr\" style=\"text-align: justify; \"><strong><em>Pr\u00f3xima sess\u00e3o:</em></strong><span> A pr\u00f3xima sess\u00e3o est\u00e1 marcada para o dia <strong>03 de fevereiro de 2025</strong>. Lembrando que as sess\u00f5es s\u00e3o transmitidas normalmente pela C\u00e2mara e ficam gravadas nos canais de comunica\u00e7\u00e3o oficiais da Casa.\u00a0</span></p>\r\n<p dir=\"ltr\" style=\"text-align: justify; \"><em><strong>ATEN\u00c7\u00c3O:</strong></em><span> A obra do Plen\u00e1rio Alberto Klemes foi conclu\u00edda, portanto as sess\u00f5es ordin\u00e1rias retornam no endere\u00e7o da C\u00e2mara Municipal de Campo Largo em 2025.\u00a0</span></p>\r\n<p dir=\"ltr\" style=\"text-align: justify; \"><strong>Rua Subesta\u00e7\u00e3o de Enologia 2008 - Vila Banc\u00e1ria - Campo Largo</strong></p>\r\n<p dir=\"ltr\" style=\"text-align: justify; \"><em><strong>Presentes:</strong></em><span> Na sess\u00e3o desta segunda-feira (09) estiveram presentes Jo\u00e3o Carlos Ferreira, Presidente da C\u00e2mara Municipal de Campo Largo, juntamente com os Parlamentares da Casa, Cl\u00e9a Oliveira, Gen\u00e9sio da Vital, Germaninho, Luiz Scervenski, Jo\u00e3o Freita, Andr\u00e9 Gabardo, Pedrinho Barausse, sargento Leandro Chrestani, Alexandre Guimar\u00e3es e M\u00e1rcio Beraldo. A sess\u00e3o tamb\u00e9m contou com a presen\u00e7a da popula\u00e7\u00e3o de Campo Largo e com a imprensa local realizando a cobertura no Plen\u00e1rio.\u00a0</span></p>\r\n<p dir=\"ltr\" style=\"text-align: justify; \"><em><strong>Transmiss\u00e3o ao vivo:</strong></em><span> A popula\u00e7\u00e3o pode conferir a discuss\u00e3o completa de todos os Projetos de Leis, requerimentos e discuss\u00f5es da sess\u00e3o plen\u00e1ria desta segunda-feira (09), </span><span>atrav\u00e9s do link:\u00a0</span></p>\r\n<p dir=\"ltr\" style=\"text-align: justify; \"><strong><a href=\"https://sapl.campolargo.pr.leg.br/sessao/pauta-sessao/716/\">https://sapl.campolargo.pr.leg.br/sessao/pauta-sessao/716/</a></strong></p>\r\n<p dir=\"ltr\" style=\"text-align: justify; \"><span>Nos acompanhe tamb\u00e9m pelo YouTube:\u00a0</span></p>\r\n<p dir=\"ltr\" style=\"text-align: justify; \"><strong><a href=\"https://www.youtube.com/live/E1YpuWsi5rU?si=WD5DO8D5yPqyBfDD\">https://www.youtube.com/live/E1YpuWsi5rU?si=WD5DO8D5yPqyBfDD</a></strong></p>", "author_name": "", "version": "1.0", "author_url": "https://www.campolargo.pr.leg.br/author/caioCM", "provider_name": "   ", "type": "rich"}